{"id":437,"date":"2024-01-31T15:52:04","date_gmt":"2024-01-31T14:52:04","guid":{"rendered":"https:\/\/www.iterad.fr\/site\/?p=437"},"modified":"2024-01-31T15:54:08","modified_gmt":"2024-01-31T14:54:08","slug":"1-an-deja","status":"publish","type":"post","link":"https:\/\/www.iterad.fr\/site\/index.php\/2024\/01\/31\/1-an-deja\/","title":{"rendered":"1 an d\u00e9j\u00e0 !"},"content":{"rendered":"\n<p class=\"wp-block-paragraph\">En consultant LinkedIn il y a quelques jours, j&#8217;ai d\u00e9couvert des messages me souhaitant un bon premier anniversaire au sein d&#8217;Iterad.<br><br>Effectivement, l&#8217;ann\u00e9e 2023 est pass\u00e9e \u00e0 toute vitesse et s&#8217;est achev\u00e9e sur un bilan tr\u00e8s positif pour mon entreprise naissante. D&#8217;animations de s\u00e9minaires en accompagnements individuels, de la construction de plans de transformation, l&#8217;animation d&#8217;ateliers d&#8217;am\u00e9lioration \u00e0 la formation de ceux qui contribuent \u00e0 la mise en \u0153uvre du changement dans l&#8217;entreprise, cette ann\u00e9e a \u00e9t\u00e9 riche d&#8217;aventure et de diversit\u00e9.<br><br>Je suis profond\u00e9ment reconnaissant envers mes clients qui ont pris le risque de me faire confiance, m&#8217;ont partag\u00e9 leurs enjeux et m&#8217;ont demand\u00e9 de donner le meilleur pour y faire face. Sans vous, l&#8217;aventure aurait \u00e9t\u00e9 de courte dur\u00e9e.<br><br>Je voudrais aussi remercier du fond du c\u0153ur tous ceux qui m&#8217;ont aid\u00e9 par des mises en contact, par des conseils avis\u00e9s ou simplement par leurs encouragements. La cr\u00e9ation d&#8217;entreprise n\u00e9cessite de poser des choix sans ma\u00eetriser toutes les donn\u00e9es, de prendre des risques donc qui peuvent parfois susciter un sentiment de solitude face \u00e0 la d\u00e9cision, surtout lorsque l&#8217;on a la responsabilit\u00e9 financi\u00e8re d&#8217;une famille (nombreuse \ud83d\ude09). Mais rien n&#8217;est impossible et les difficult\u00e9s doivent \u00eatre accueillies et surmont\u00e9es une \u00e0 une. Se sentir entour\u00e9 est un facteur-cl\u00e9 de succ\u00e8s pour maintenir le cap et l&#8217;engagement.<br><br>L&#8217;activit\u00e9 \u00e9tant au rendez-vous jusqu&#8217;\u00e0 pr\u00e9sent, j&#8217;ai commenc\u00e9 \u00e0 d\u00e9velopper des partenariats avec des ind\u00e9pendants ayant des expertises dont je ne dispose pas et qui peuvent contribuer au succ\u00e8s de mes clients : <a href=\"https:\/\/www.linkedin.com\/feed\/hashtag\/?keywords=strat%C3%A9gie&amp;highlightedUpdateUrns=urn%3Ali%3Aactivity%3A7158007577698553856\">hashtag#strat\u00e9gie<\/a>, <a href=\"https:\/\/www.linkedin.com\/feed\/hashtag\/?keywords=rse&amp;highlightedUpdateUrns=urn%3Ali%3Aactivity%3A7158007577698553856\">hashtag#RSE<\/a>, <a href=\"https:\/\/www.linkedin.com\/feed\/hashtag\/?keywords=transition_environnementale&amp;highlightedUpdateUrns=urn%3Ali%3Aactivity%3A7158007577698553856\">hashtag#transition_environnementale<\/a>, <a href=\"https:\/\/www.linkedin.com\/feed\/hashtag\/?keywords=emploi_des_seniors&amp;highlightedUpdateUrns=urn%3Ali%3Aactivity%3A7158007577698553856\">hashtag#emploi_des_seniors<\/a>, <a href=\"https:\/\/www.linkedin.com\/feed\/hashtag\/?keywords=out_placement&amp;highlightedUpdateUrns=urn%3Ali%3Aactivity%3A7158007577698553856\">hashtag#out_placement<\/a>, <a href=\"https:\/\/www.linkedin.com\/feed\/hashtag\/?keywords=chasse_de_t%C3%AAtes&amp;highlightedUpdateUrns=urn%3Ali%3Aactivity%3A7158007577698553856\">hashtag#chasse_de_t\u00eates<\/a>, <a href=\"https:\/\/www.linkedin.com\/feed\/hashtag\/?keywords=innovation&amp;highlightedUpdateUrns=urn%3Ali%3Aactivity%3A7158007577698553856\">hashtag#innovation<\/a>, <a href=\"https:\/\/www.linkedin.com\/feed\/hashtag\/?keywords=gouvernance_familiale&amp;highlightedUpdateUrns=urn%3Ali%3Aactivity%3A7158007577698553856\">hashtag#gouvernance_familiale<\/a> &#8230;<br>Merci \u00e0 eux !<br><br>Alors que le mois de janvier s&#8217;ach\u00e8ve, il ne me reste plus qu&#8217;\u00e0 vous souhaiter \u00e0 tous et toutes une ann\u00e9e 2024 pleine de paix, de joies partag\u00e9es et de d\u00e9fis passionnants \u00e0 relever !<\/p>\n\n\n\n<figure class=\"wp-block-image size-large\"><img loading=\"lazy\" decoding=\"async\" width=\"724\" height=\"1024\" src=\"https:\/\/www.iterad.fr\/site\/wp-content\/uploads\/2024\/01\/FR-724x1024.jpeg\" alt=\"\" class=\"wp-image-438\" srcset=\"https:\/\/www.iterad.fr\/site\/wp-content\/uploads\/2024\/01\/FR-724x1024.jpeg 724w, https:\/\/www.iterad.fr\/site\/wp-content\/uploads\/2024\/01\/FR-212x300.jpeg 212w, https:\/\/www.iterad.fr\/site\/wp-content\/uploads\/2024\/01\/FR-768x1086.jpeg 768w, https:\/\/www.iterad.fr\/site\/wp-content\/uploads\/2024\/01\/FR.jpeg 1015w\" sizes=\"auto, (max-width: 724px) 100vw, 724px\" \/><\/figure>\n","protected":false},"excerpt":{"rendered":"<p>En consultant LinkedIn il y a quelques jours, j&#8217;ai d\u00e9couvert des messages me souhaitant un bon premier anniversaire au sein d&#8217;Iterad. Effectivement, l&#8217;ann\u00e9e 2023 est pass\u00e9e \u00e0 toute vitesse et s&#8217;est achev\u00e9e sur un bilan tr\u00e8s positif pour mon entreprise naissante. D&#8217;animations de s\u00e9minaires en accompagnements individuels, de la construction de plans de transformation, l&#8217;animation&hellip;&nbsp;<a href=\"https:\/\/www.iterad.fr\/site\/index.php\/2024\/01\/31\/1-an-deja\/\" rel=\"bookmark\">Read More &raquo;<span class=\"screen-reader-text\">1 an d\u00e9j\u00e0 !<\/span><\/a><\/p>\n","protected":false},"author":1,"featured_media":438,"comment_status":"closed","ping_status":"open","sticky":false,"template":"","format":"standard","meta":{"neve_meta_sidebar":"","neve_meta_container":"","neve_meta_enable_content_width":"","neve_meta_content_width":0,"neve_meta_title_alignment":"","neve_meta_author_avatar":"","neve_post_elements_order":"","neve_meta_disable_header":"","neve_meta_disable_footer":"","neve_meta_disable_title":"","footnotes":""},"categories":[8],"tags":[],"class_list":["post-437","post","type-post","status-publish","format-standard","has-post-thumbnail","hentry","category-non-classe-fr"],"_links":{"self":[{"href":"https:\/\/www.iterad.fr\/site\/index.php\/wp-json\/wp\/v2\/posts\/437","targetHints":{"allow":["GET"]}}],"collection":[{"href":"https:\/\/www.iterad.fr\/site\/index.php\/wp-json\/wp\/v2\/posts"}],"about":[{"href":"https:\/\/www.iterad.fr\/site\/index.php\/wp-json\/wp\/v2\/types\/post"}],"author":[{"embeddable":true,"href":"https:\/\/www.iterad.fr\/site\/index.php\/wp-json\/wp\/v2\/users\/1"}],"replies":[{"embeddable":true,"href":"https:\/\/www.iterad.fr\/site\/index.php\/wp-json\/wp\/v2\/comments?post=437"}],"version-history":[{"count":1,"href":"https:\/\/www.iterad.fr\/site\/index.php\/wp-json\/wp\/v2\/posts\/437\/revisions"}],"predecessor-version":[{"id":439,"href":"https:\/\/www.iterad.fr\/site\/index.php\/wp-json\/wp\/v2\/posts\/437\/revisions\/439"}],"wp:featuredmedia":[{"embeddable":true,"href":"https:\/\/www.iterad.fr\/site\/index.php\/wp-json\/wp\/v2\/media\/438"}],"wp:attachment":[{"href":"https:\/\/www.iterad.fr\/site\/index.php\/wp-json\/wp\/v2\/media?parent=437"}],"wp:term":[{"taxonomy":"category","embeddable":true,"href":"https:\/\/www.iterad.fr\/site\/index.php\/wp-json\/wp\/v2\/categories?post=437"},{"taxonomy":"post_tag","embeddable":true,"href":"https:\/\/www.iterad.fr\/site\/index.php\/wp-json\/wp\/v2\/tags?post=437"}],"curies":[{"name":"wp","href":"https:\/\/api.w.org\/{rel}","templated":true}]}}